{"id":10581313,"date":"2019-01-26T00:00:00","date_gmt":"2019-01-25T23:00:00","guid":{"rendered":"https:\/\/acm.mc\/provisional-podium-reactions-after-day-3\/"},"modified":"2022-09-22T16:50:13","modified_gmt":"2022-09-22T14:50:13","slug":"provisional-podium-reactions-after-day-3","status":"publish","type":"post","link":"https:\/\/acm.mc\/en\/provisional-podium-reactions-after-day-3\/","title":{"rendered":"Provisional Podium: reactions after Day 3"},"content":{"rendered":"<p><b><strong><span class=\"Apple-converted-space\">S\u00e9bastien Ogier (leader &#8211; Citro\u00ebn C3 WRC)<\/span><\/strong><\/b><\/p>\n<p><strong>Tell me about your day S\u00e9bastien?<br \/>\n<\/strong>It\u2019s been another tricky day, especially the first stage both times through. They were tricky and\u00a0changeable conditions. We needed to stay with the studs \u2013 at least the tyres has been a bit more\u00a0straightforward today. But still I am happy to be here sitting in the middle, even if we didn\u2019t increase the gap much. Tomorrow will be another intense day.<\/p>\n<p><strong>There are some legendary stages tomorrow \u2013 what do you know about conditions?<br \/>\n<\/strong>I don\u2019t know much yet, we will have our gravel crew tomorrow morning. It should be mainly dry, but it\u00a0will be cold icy and frosty on the top \u2013 there will be places to make a difference\u2026 and a mistake! We\u00a0both want to win, everybody wants win Monte Carlo, it\u2019s a magical rally we all enjoy a lot. We have made\u00a0a big difference from the rest and we both want to cross the finish line. Second could be good for the\u00a0championship, but I\u2019m pretty sure Thierry will push to the end and we will do the same.<\/p>\n<p><strong>If you won tomorrow, you would join Walter Rohrl as a driver winning this event with four\u00a0manufacturers and it would be Citroen\u2019s 100th win \u2013 does that add pressure?<br \/>\n<\/strong>Those statistics are very nice, but that\u2019s not what you have in mind when you are driving. Of course\u00a0it would be great to do that, to take six wins in row and seven in Monte Carlo. I always say if I have a bad\u00a0season and I can win only one rally then it would be this one \u2013 this is why I try tomorrow. I will fight\u00a0tomorrow.<\/p>\n<p>&nbsp;<\/p>\n<p><b><strong>Thierry Neuville (2nd at 4\u20333 &#8211; Hyundai i20 WRC)<\/strong><\/b><\/p>\n<p><strong>Thierry, what\u2019s the plan tomorrow?<br \/>\n<\/strong>Obviously first of all we had a great day today, it was really enjoyable in the car and we really tried to\u00a0catch Seb, but it\u2019s always difficult when we are on the same tyres on stages which we know. All in all, it\u2019s\u00a0been a good day. We look forward to tomorrow, the plan is to catch Seb and to keep the pressure, but\u00a0also we must think about the championship. We have to think about this.<\/p>\n<p><strong>Thinking about the championship, does that mean the little extra risk not there?<br \/>\n<\/strong>I always try to drive without risks. Of course there are risks, but I try to be on the safe side. When we\u00a0are in a fight, like in Sardinia last year you try to push a little harder. Tomorrow we have some demanding\u00a0stages, we don\u2019t know about the conditions and we have to do four stages on the same tyres.<\/p>\n<p><strong>What was the gap going into the final day in Sardinia last year?<br \/>\n<\/strong>It was 4.3! No\u2026 it was 2.8 or something. A little bit less.<\/p>\n<p>&nbsp;<\/p>\n<p><b><strong>S\u00e9bastien Loeb (3rd at 1&#8217;58\u20337 &#8211; Hyundai i20 WRC)<\/strong><\/b><\/p>\n<p><strong>Sebastien, you have battled hard today, but you have two drivers chasing you hard for third\u2026<br \/>\n<\/strong>Yes, for sure. I was struggling a little bit with my set-up. I couldn\u2019t get the confidence from the\u00a0understeer in the morning, especially with the tricky conditions in the stage. But in the afternoon I was\u00a0able to get my confidence and I could push harder. I have Jari-Matti just two seconds behind and [Ott]\u00a0Tanak closing the gap with every stage, so I don\u2019t know what I will be able to do tomorrow. We are not in\u00a0the fight for the win, but for the podium. I will try to find a good rhythm to stay on the podium.<\/p>\n<p><strong>And how do you feel physically?<br \/>\n<\/strong>I am always motivated, for sure the motivation is a bit different \u2013 I\u2019m not here to win the\u00a0championship, but I am here to help Hyundai take some points. I always want to fight for the victory if I\u00a0can, that\u2019s not the case here. It was a tough month of January with a lot of driving, but I enjoy driving and\u00a0it\u2019s a long time since I was here at the start in Monte Carlo. I always enjoy the incredible atmosphere on\u00a0this rally.<\/p>\n","protected":false},"excerpt":{"rendered":"<p>S\u00e9bastien Ogier (leader &#8211; Citro\u00ebn C3 WRC) Tell me about your day S\u00e9bastien? It\u2019s been another tricky day, especially the first stage both times through. They were tricky and\u00a0changeable conditions. We needed to stay with the studs \u2013 at least the tyres has been a bit more\u00a0straightforward today. But still I am happy to be [&hellip;]<\/p>\n","protected":false},"author":1,"featured_media":10573608,"comment_status":"closed","ping_status":"closed","sticky":false,"template":"","format":"standard","meta":{"_acf_changed":false,"footnotes":""},"categories":[47,62],"tags":[],"class_list":["post-10581313","post","type-post","status-publish","format-standard","has-post-thumbnail","hentry","category-headline-news","category-rallye-monte-carlo-en","millesime-2019-en"],"acf":{"contenu_des_pages":null},"yoast_head":"<!-- This site is optimized with the Yoast SEO plugin v27.5 - https:\/\/yoast.com\/product\/yoast-seo-wordpress\/ -->\n<title>Provisional Podium: reactions after Day 3 - Automobile Club de Monaco<\/title>\n<meta name=\"robots\" content=\"index, follow, max-snippet:-1, max-image-preview:large, max-video-preview:-1\" \/>\n<link rel=\"canonical\" href=\"https:\/\/acm.mc\/en\/provisional-podium-reactions-after-day-3\/\" \/>\n<meta property=\"og:locale\" content=\"en_US\" \/>\n<meta property=\"og:type\" content=\"article\" \/>\n<meta property=\"og:title\" content=\"-1191\" \/>\n<meta property=\"og:description\" content=\"60\" \/>\n<meta property=\"og:url\" content=\"https:\/\/acm.mc\/en\/provisional-podium-reactions-after-day-3\/\" \/>\n<meta property=\"og:site_name\" content=\"Automobile Club de Monaco\" \/>\n<meta property=\"article:publisher\" content=\"https:\/\/www.facebook.com\/automobileclubmonacoMC\" \/>\n<meta property=\"article:published_time\" content=\"2019-01-25T23:00:00+00:00\" \/>\n<meta property=\"article:modified_time\" content=\"2022-09-22T14:50:13+00:00\" \/>\n<meta name=\"author\" content=\"federallmonaco\" \/>\n<meta name=\"twitter:card\" content=\"summary_large_image\" \/>\n<meta name=\"twitter:image\" content=\"https:\/\/acm.mc\/wp-content\/uploads\/2019\/01\/Podium_provisoire.jpg\" \/>\n<meta name=\"twitter:creator\" content=\"@ACM_Media\" \/>\n<meta name=\"twitter:site\" content=\"@ACM_Media\" \/>\n<meta name=\"twitter:label1\" content=\"Written by\" \/>\n\t<meta name=\"twitter:data1\" content=\"federallmonaco\" \/>\n\t<meta name=\"twitter:label2\" content=\"Est. reading time\" \/>\n\t<meta name=\"twitter:data2\" content=\"4 minutes\" \/>\n<script type=\"application\/ld+json\" class=\"yoast-schema-graph\">{\"@context\":\"https:\\\/\\\/schema.org\",\"@graph\":[{\"@type\":\"Article\",\"@id\":\"https:\\\/\\\/acm.mc\\\/en\\\/provisional-podium-reactions-after-day-3\\\/#article\",\"isPartOf\":{\"@id\":\"https:\\\/\\\/acm.mc\\\/en\\\/provisional-podium-reactions-after-day-3\\\/\"},\"author\":{\"name\":\"federallmonaco\",\"@id\":\"https:\\\/\\\/acm.mc\\\/en\\\/#\\\/schema\\\/person\\\/d22f16dce3354bb9c1f870d29ffa9fc0\"},\"headline\":\"Provisional Podium: reactions after Day 3\",\"datePublished\":\"2019-01-25T23:00:00+00:00\",\"dateModified\":\"2022-09-22T14:50:13+00:00\",\"mainEntityOfPage\":{\"@id\":\"https:\\\/\\\/acm.mc\\\/en\\\/provisional-podium-reactions-after-day-3\\\/\"},\"wordCount\":718,\"image\":{\"@id\":\"https:\\\/\\\/acm.mc\\\/en\\\/provisional-podium-reactions-after-day-3\\\/#primaryimage\"},\"thumbnailUrl\":\"https:\\\/\\\/acm.mc\\\/wp-content\\\/uploads\\\/2019\\\/01\\\/Podium_provisoire.jpg\",\"articleSection\":[\"Headline news\",\"Rallye Automobile Monte-Carlo\"],\"inLanguage\":\"en-US\"},{\"@type\":\"WebPage\",\"@id\":\"https:\\\/\\\/acm.mc\\\/en\\\/provisional-podium-reactions-after-day-3\\\/\",\"url\":\"https:\\\/\\\/acm.mc\\\/en\\\/provisional-podium-reactions-after-day-3\\\/\",\"name\":\"Provisional Podium: reactions after Day 3 - Automobile Club de Monaco\",\"isPartOf\":{\"@id\":\"https:\\\/\\\/acm.mc\\\/en\\\/#website\"},\"primaryImageOfPage\":{\"@id\":\"https:\\\/\\\/acm.mc\\\/en\\\/provisional-podium-reactions-after-day-3\\\/#primaryimage\"},\"image\":{\"@id\":\"https:\\\/\\\/acm.mc\\\/en\\\/provisional-podium-reactions-after-day-3\\\/#primaryimage\"},\"thumbnailUrl\":\"https:\\\/\\\/acm.mc\\\/wp-content\\\/uploads\\\/2019\\\/01\\\/Podium_provisoire.jpg\",\"datePublished\":\"2019-01-25T23:00:00+00:00\",\"dateModified\":\"2022-09-22T14:50:13+00:00\",\"author\":{\"@id\":\"https:\\\/\\\/acm.mc\\\/en\\\/#\\\/schema\\\/person\\\/d22f16dce3354bb9c1f870d29ffa9fc0\"},\"breadcrumb\":{\"@id\":\"https:\\\/\\\/acm.mc\\\/en\\\/provisional-podium-reactions-after-day-3\\\/#breadcrumb\"},\"inLanguage\":\"en-US\",\"potentialAction\":[{\"@type\":\"ReadAction\",\"target\":[\"https:\\\/\\\/acm.mc\\\/en\\\/provisional-podium-reactions-after-day-3\\\/\"]}]},{\"@type\":\"ImageObject\",\"inLanguage\":\"en-US\",\"@id\":\"https:\\\/\\\/acm.mc\\\/en\\\/provisional-podium-reactions-after-day-3\\\/#primaryimage\",\"url\":\"https:\\\/\\\/acm.mc\\\/wp-content\\\/uploads\\\/2019\\\/01\\\/Podium_provisoire.jpg\",\"contentUrl\":\"https:\\\/\\\/acm.mc\\\/wp-content\\\/uploads\\\/2019\\\/01\\\/Podium_provisoire.jpg\",\"width\":1280,\"height\":720},{\"@type\":\"BreadcrumbList\",\"@id\":\"https:\\\/\\\/acm.mc\\\/en\\\/provisional-podium-reactions-after-day-3\\\/#breadcrumb\",\"itemListElement\":[{\"@type\":\"ListItem\",\"position\":1,\"name\":\"Home\",\"item\":\"https:\\\/\\\/acm.mc\\\/en\\\/\"},{\"@type\":\"ListItem\",\"position\":2,\"name\":\"Provisional Podium: reactions after Day 3\"}]},{\"@type\":\"WebSite\",\"@id\":\"https:\\\/\\\/acm.mc\\\/en\\\/#website\",\"url\":\"https:\\\/\\\/acm.mc\\\/en\\\/\",\"name\":\"Automobile Club de Monaco\",\"description\":\"Un site utilisant WordPress\",\"potentialAction\":[{\"@type\":\"SearchAction\",\"target\":{\"@type\":\"EntryPoint\",\"urlTemplate\":\"https:\\\/\\\/acm.mc\\\/en\\\/?s={search_term_string}\"},\"query-input\":{\"@type\":\"PropertyValueSpecification\",\"valueRequired\":true,\"valueName\":\"search_term_string\"}}],\"inLanguage\":\"en-US\"},{\"@type\":\"Person\",\"@id\":\"https:\\\/\\\/acm.mc\\\/en\\\/#\\\/schema\\\/person\\\/d22f16dce3354bb9c1f870d29ffa9fc0\",\"name\":\"federallmonaco\",\"image\":{\"@type\":\"ImageObject\",\"inLanguage\":\"en-US\",\"@id\":\"https:\\\/\\\/secure.gravatar.com\\\/avatar\\\/fbb5a9d1324e32e5e4969aa74a6cf9b0bb180888e45de0ef945ce62ef3028d00?s=96&d=mm&r=g\",\"url\":\"https:\\\/\\\/secure.gravatar.com\\\/avatar\\\/fbb5a9d1324e32e5e4969aa74a6cf9b0bb180888e45de0ef945ce62ef3028d00?s=96&d=mm&r=g\",\"contentUrl\":\"https:\\\/\\\/secure.gravatar.com\\\/avatar\\\/fbb5a9d1324e32e5e4969aa74a6cf9b0bb180888e45de0ef945ce62ef3028d00?s=96&d=mm&r=g\",\"caption\":\"federallmonaco\"},\"sameAs\":[\"https:\\\/\\\/acm.mc\"],\"url\":\"https:\\\/\\\/acm.mc\\\/en\\\/author\\\/federallmonaco\\\/\"}]}<\/script>\n<!-- \/ Yoast SEO plugin. -->","yoast_head_json":{"title":"Provisional Podium: reactions after Day 3 - Automobile Club de Monaco","robots":{"index":"index","follow":"follow","max-snippet":"max-snippet:-1","max-image-preview":"max-image-preview:large","max-video-preview":"max-video-preview:-1"},"canonical":"https:\/\/acm.mc\/en\/provisional-podium-reactions-after-day-3\/","og_locale":"en_US","og_type":"article","og_title":"-1191","og_description":"60","og_url":"https:\/\/acm.mc\/en\/provisional-podium-reactions-after-day-3\/","og_site_name":"Automobile Club de Monaco","article_publisher":"https:\/\/www.facebook.com\/automobileclubmonacoMC","article_published_time":"2019-01-25T23:00:00+00:00","article_modified_time":"2022-09-22T14:50:13+00:00","author":"federallmonaco","twitter_card":"summary_large_image","twitter_image":"https:\/\/acm.mc\/wp-content\/uploads\/2019\/01\/Podium_provisoire.jpg","twitter_creator":"@ACM_Media","twitter_site":"@ACM_Media","twitter_misc":{"Written by":"federallmonaco","Est. reading time":"4 minutes"},"schema":{"@context":"https:\/\/schema.org","@graph":[{"@type":"Article","@id":"https:\/\/acm.mc\/en\/provisional-podium-reactions-after-day-3\/#article","isPartOf":{"@id":"https:\/\/acm.mc\/en\/provisional-podium-reactions-after-day-3\/"},"author":{"name":"federallmonaco","@id":"https:\/\/acm.mc\/en\/#\/schema\/person\/d22f16dce3354bb9c1f870d29ffa9fc0"},"headline":"Provisional Podium: reactions after Day 3","datePublished":"2019-01-25T23:00:00+00:00","dateModified":"2022-09-22T14:50:13+00:00","mainEntityOfPage":{"@id":"https:\/\/acm.mc\/en\/provisional-podium-reactions-after-day-3\/"},"wordCount":718,"image":{"@id":"https:\/\/acm.mc\/en\/provisional-podium-reactions-after-day-3\/#primaryimage"},"thumbnailUrl":"https:\/\/acm.mc\/wp-content\/uploads\/2019\/01\/Podium_provisoire.jpg","articleSection":["Headline news","Rallye Automobile Monte-Carlo"],"inLanguage":"en-US"},{"@type":"WebPage","@id":"https:\/\/acm.mc\/en\/provisional-podium-reactions-after-day-3\/","url":"https:\/\/acm.mc\/en\/provisional-podium-reactions-after-day-3\/","name":"Provisional Podium: reactions after Day 3 - Automobile Club de Monaco","isPartOf":{"@id":"https:\/\/acm.mc\/en\/#website"},"primaryImageOfPage":{"@id":"https:\/\/acm.mc\/en\/provisional-podium-reactions-after-day-3\/#primaryimage"},"image":{"@id":"https:\/\/acm.mc\/en\/provisional-podium-reactions-after-day-3\/#primaryimage"},"thumbnailUrl":"https:\/\/acm.mc\/wp-content\/uploads\/2019\/01\/Podium_provisoire.jpg","datePublished":"2019-01-25T23:00:00+00:00","dateModified":"2022-09-22T14:50:13+00:00","author":{"@id":"https:\/\/acm.mc\/en\/#\/schema\/person\/d22f16dce3354bb9c1f870d29ffa9fc0"},"breadcrumb":{"@id":"https:\/\/acm.mc\/en\/provisional-podium-reactions-after-day-3\/#breadcrumb"},"inLanguage":"en-US","potentialAction":[{"@type":"ReadAction","target":["https:\/\/acm.mc\/en\/provisional-podium-reactions-after-day-3\/"]}]},{"@type":"ImageObject","inLanguage":"en-US","@id":"https:\/\/acm.mc\/en\/provisional-podium-reactions-after-day-3\/#primaryimage","url":"https:\/\/acm.mc\/wp-content\/uploads\/2019\/01\/Podium_provisoire.jpg","contentUrl":"https:\/\/acm.mc\/wp-content\/uploads\/2019\/01\/Podium_provisoire.jpg","width":1280,"height":720},{"@type":"BreadcrumbList","@id":"https:\/\/acm.mc\/en\/provisional-podium-reactions-after-day-3\/#breadcrumb","itemListElement":[{"@type":"ListItem","position":1,"name":"Home","item":"https:\/\/acm.mc\/en\/"},{"@type":"ListItem","position":2,"name":"Provisional Podium: reactions after Day 3"}]},{"@type":"WebSite","@id":"https:\/\/acm.mc\/en\/#website","url":"https:\/\/acm.mc\/en\/","name":"Automobile Club de Monaco","description":"Un site utilisant WordPress","potentialAction":[{"@type":"SearchAction","target":{"@type":"EntryPoint","urlTemplate":"https:\/\/acm.mc\/en\/?s={search_term_string}"},"query-input":{"@type":"PropertyValueSpecification","valueRequired":true,"valueName":"search_term_string"}}],"inLanguage":"en-US"},{"@type":"Person","@id":"https:\/\/acm.mc\/en\/#\/schema\/person\/d22f16dce3354bb9c1f870d29ffa9fc0","name":"federallmonaco","image":{"@type":"ImageObject","inLanguage":"en-US","@id":"https:\/\/secure.gravatar.com\/avatar\/fbb5a9d1324e32e5e4969aa74a6cf9b0bb180888e45de0ef945ce62ef3028d00?s=96&d=mm&r=g","url":"https:\/\/secure.gravatar.com\/avatar\/fbb5a9d1324e32e5e4969aa74a6cf9b0bb180888e45de0ef945ce62ef3028d00?s=96&d=mm&r=g","contentUrl":"https:\/\/secure.gravatar.com\/avatar\/fbb5a9d1324e32e5e4969aa74a6cf9b0bb180888e45de0ef945ce62ef3028d00?s=96&d=mm&r=g","caption":"federallmonaco"},"sameAs":["https:\/\/acm.mc"],"url":"https:\/\/acm.mc\/en\/author\/federallmonaco\/"}]}},"_links":{"self":[{"href":"https:\/\/acm.mc\/en\/wp-json\/wp\/v2\/posts\/10581313","targetHints":{"allow":["GET"]}}],"collection":[{"href":"https:\/\/acm.mc\/en\/wp-json\/wp\/v2\/posts"}],"about":[{"href":"https:\/\/acm.mc\/en\/wp-json\/wp\/v2\/types\/post"}],"author":[{"embeddable":true,"href":"https:\/\/acm.mc\/en\/wp-json\/wp\/v2\/users\/1"}],"replies":[{"embeddable":true,"href":"https:\/\/acm.mc\/en\/wp-json\/wp\/v2\/comments?post=10581313"}],"version-history":[{"count":0,"href":"https:\/\/acm.mc\/en\/wp-json\/wp\/v2\/posts\/10581313\/revisions"}],"wp:featuredmedia":[{"embeddable":true,"href":"https:\/\/acm.mc\/en\/wp-json\/wp\/v2\/media\/10573608"}],"wp:attachment":[{"href":"https:\/\/acm.mc\/en\/wp-json\/wp\/v2\/media?parent=10581313"}],"wp:term":[{"taxonomy":"category","embeddable":true,"href":"https:\/\/acm.mc\/en\/wp-json\/wp\/v2\/categories?post=10581313"},{"taxonomy":"post_tag","embeddable":true,"href":"https:\/\/acm.mc\/en\/wp-json\/wp\/v2\/tags?post=10581313"}],"curies":[{"name":"wp","href":"https:\/\/api.w.org\/{rel}","templated":true}]}}