{"id":10594490,"date":"2023-10-18T21:01:42","date_gmt":"2023-10-18T19:01:42","guid":{"rendered":"https:\/\/acm.mc\/sr-2-les-belges-continuent\/"},"modified":"2023-10-19T16:12:38","modified_gmt":"2023-10-19T14:12:38","slug":"sr-2-les-belges-continuent","status":"publish","type":"post","link":"https:\/\/acm.mc\/en\/sr-2-les-belges-continuent\/","title":{"rendered":"SR2: The Belgians continue&#8230;"},"content":{"rendered":"<p>One Belgian team can hide another. After the victory of the Cunin-Peeters duo in SR1, Bernard Heine and Val\u00e9rie Piette, entered by the Belgian VW Club in another ID3, took over in SR2, between La Boll\u00e8ne V\u00e9subie and Peira Cava (18.106 km) via the ever famous Col de Turini. As if this was not enough, the first Belgian one-two finish of this 7th E-Rallye Monte-Carlo happened, thanks to Jean-Fran\u00e7ois Devillers and Eric Chapa, two other members of the Belgian VW Club, who took their VW IDA GTX to 2nd place.<\/p>\n<p>To save the honour of the French drivers, J\u00e9r\u00f4me Aymard and Christophe Marques, in their Nissan Ariya flying the colours of the eBorn recharging network, took 3rd place in this SR2, on a par with an all-female crew entered by the Tesla Owner Club: Lesly Legallais and Caroline Guerraz, in a Model 3.<\/p>\n<p><a href=\"https:\/\/acm.mc\/wp-content\/uploads\/2023\/10\/SR2.pdf\" target=\"_blank\" rel=\"noopener\">Download the classification of the SR2<\/a><\/p>\n","protected":false},"excerpt":{"rendered":"<p>One Belgian team can hide another. After the victory of the Cunin-Peeters duo in SR1, Bernard Heine and Val\u00e9rie Piette, entered by the Belgian VW Club in another ID3, took over in SR2, between La Boll\u00e8ne V\u00e9subie and Peira Cava (18.106 km) via the ever famous Col de Turini. As if this was not enough, [&hellip;]<\/p>\n","protected":false},"author":2,"featured_media":10594507,"comment_status":"closed","ping_status":"closed","sticky":false,"template":"","format":"standard","meta":{"_acf_changed":false,"footnotes":""},"categories":[12,63,393],"tags":[],"class_list":["post-10594490","post","type-post","status-publish","format-standard","has-post-thumbnail","hentry","category-automobile-club-de-monaco","category-e-rallye-monte-carlo-en","category-a-la-une-en","millesime-492"],"acf":{"contenu_des_pages":null},"yoast_head":"<!-- This site is optimized with the Yoast SEO plugin v27.5 - https:\/\/yoast.com\/product\/yoast-seo-wordpress\/ -->\n<title>SR2: The Belgians continue... - Automobile Club de Monaco<\/title>\n<meta name=\"robots\" content=\"index, follow, max-snippet:-1, max-image-preview:large, max-video-preview:-1\" \/>\n<link rel=\"canonical\" href=\"https:\/\/acm.mc\/en\/sr-2-les-belges-continuent\/\" \/>\n<meta property=\"og:locale\" content=\"en_US\" \/>\n<meta property=\"og:type\" content=\"article\" \/>\n<meta property=\"og:title\" content=\"SR2: The Belgians continue... - Automobile Club de Monaco\" \/>\n<meta property=\"og:description\" content=\"One Belgian team can hide another. After the victory of the Cunin-Peeters duo in SR1, Bernard Heine and Val\u00e9rie Piette, entered by the Belgian VW Club in another ID3, took over in SR2, between La Boll\u00e8ne V\u00e9subie and Peira Cava (18.106 km) via the ever famous Col de Turini. As if this was not enough, [&hellip;]\" \/>\n<meta property=\"og:url\" content=\"https:\/\/acm.mc\/en\/sr-2-les-belges-continuent\/\" \/>\n<meta property=\"og:site_name\" content=\"Automobile Club de Monaco\" \/>\n<meta property=\"article:publisher\" content=\"https:\/\/www.facebook.com\/automobileclubmonacoMC\" \/>\n<meta property=\"article:published_time\" content=\"2023-10-18T19:01:42+00:00\" \/>\n<meta property=\"article:modified_time\" content=\"2023-10-19T14:12:38+00:00\" \/>\n<meta property=\"og:image\" content=\"https:\/\/acm.mc\/wp-content\/uploads\/2023\/10\/DSC2141-20-jpg.webp\" \/>\n\t<meta property=\"og:image:width\" content=\"1920\" \/>\n\t<meta property=\"og:image:height\" content=\"1280\" \/>\n\t<meta property=\"og:image:type\" content=\"image\/jpeg\" \/>\n<meta name=\"author\" content=\"Maxime Testa\" \/>\n<meta name=\"twitter:card\" content=\"summary_large_image\" \/>\n<meta name=\"twitter:creator\" content=\"@ACM_Media\" \/>\n<meta name=\"twitter:site\" content=\"@ACM_Media\" \/>\n<meta name=\"twitter:label1\" content=\"Written by\" \/>\n\t<meta name=\"twitter:data1\" content=\"Maxime Testa\" \/>\n\t<meta name=\"twitter:label2\" content=\"Est. reading time\" \/>\n\t<meta name=\"twitter:data2\" content=\"1 minute\" \/>\n<script type=\"application\/ld+json\" class=\"yoast-schema-graph\">{\"@context\":\"https:\\\/\\\/schema.org\",\"@graph\":[{\"@type\":\"Article\",\"@id\":\"https:\\\/\\\/acm.mc\\\/en\\\/sr-2-les-belges-continuent\\\/#article\",\"isPartOf\":{\"@id\":\"https:\\\/\\\/acm.mc\\\/en\\\/sr-2-les-belges-continuent\\\/\"},\"author\":{\"name\":\"Maxime Testa\",\"@id\":\"https:\\\/\\\/acm.mc\\\/en\\\/#\\\/schema\\\/person\\\/645b5ca6180fe637a21a2f951bb2daf6\"},\"headline\":\"SR2: The Belgians continue&#8230;\",\"datePublished\":\"2023-10-18T19:01:42+00:00\",\"dateModified\":\"2023-10-19T14:12:38+00:00\",\"mainEntityOfPage\":{\"@id\":\"https:\\\/\\\/acm.mc\\\/en\\\/sr-2-les-belges-continuent\\\/\"},\"wordCount\":157,\"image\":{\"@id\":\"https:\\\/\\\/acm.mc\\\/en\\\/sr-2-les-belges-continuent\\\/#primaryimage\"},\"thumbnailUrl\":\"https:\\\/\\\/acm.mc\\\/wp-content\\\/uploads\\\/2023\\\/10\\\/DSC2141-20-jpg.webp\",\"articleSection\":[\"Automobile Club de Monaco\",\"E-Rallye Monte-Carlo\",\"A la une\"],\"inLanguage\":\"en-US\"},{\"@type\":\"WebPage\",\"@id\":\"https:\\\/\\\/acm.mc\\\/en\\\/sr-2-les-belges-continuent\\\/\",\"url\":\"https:\\\/\\\/acm.mc\\\/en\\\/sr-2-les-belges-continuent\\\/\",\"name\":\"SR2: The Belgians continue... - Automobile Club de Monaco\",\"isPartOf\":{\"@id\":\"https:\\\/\\\/acm.mc\\\/en\\\/#website\"},\"primaryImageOfPage\":{\"@id\":\"https:\\\/\\\/acm.mc\\\/en\\\/sr-2-les-belges-continuent\\\/#primaryimage\"},\"image\":{\"@id\":\"https:\\\/\\\/acm.mc\\\/en\\\/sr-2-les-belges-continuent\\\/#primaryimage\"},\"thumbnailUrl\":\"https:\\\/\\\/acm.mc\\\/wp-content\\\/uploads\\\/2023\\\/10\\\/DSC2141-20-jpg.webp\",\"datePublished\":\"2023-10-18T19:01:42+00:00\",\"dateModified\":\"2023-10-19T14:12:38+00:00\",\"author\":{\"@id\":\"https:\\\/\\\/acm.mc\\\/en\\\/#\\\/schema\\\/person\\\/645b5ca6180fe637a21a2f951bb2daf6\"},\"breadcrumb\":{\"@id\":\"https:\\\/\\\/acm.mc\\\/en\\\/sr-2-les-belges-continuent\\\/#breadcrumb\"},\"inLanguage\":\"en-US\",\"potentialAction\":[{\"@type\":\"ReadAction\",\"target\":[\"https:\\\/\\\/acm.mc\\\/en\\\/sr-2-les-belges-continuent\\\/\"]}]},{\"@type\":\"ImageObject\",\"inLanguage\":\"en-US\",\"@id\":\"https:\\\/\\\/acm.mc\\\/en\\\/sr-2-les-belges-continuent\\\/#primaryimage\",\"url\":\"https:\\\/\\\/acm.mc\\\/wp-content\\\/uploads\\\/2023\\\/10\\\/DSC2141-20-jpg.webp\",\"contentUrl\":\"https:\\\/\\\/acm.mc\\\/wp-content\\\/uploads\\\/2023\\\/10\\\/DSC2141-20-jpg.webp\",\"width\":1920,\"height\":1280},{\"@type\":\"BreadcrumbList\",\"@id\":\"https:\\\/\\\/acm.mc\\\/en\\\/sr-2-les-belges-continuent\\\/#breadcrumb\",\"itemListElement\":[{\"@type\":\"ListItem\",\"position\":1,\"name\":\"Home\",\"item\":\"https:\\\/\\\/acm.mc\\\/en\\\/\"},{\"@type\":\"ListItem\",\"position\":2,\"name\":\"SR2: The Belgians continue&#8230;\"}]},{\"@type\":\"WebSite\",\"@id\":\"https:\\\/\\\/acm.mc\\\/en\\\/#website\",\"url\":\"https:\\\/\\\/acm.mc\\\/en\\\/\",\"name\":\"Automobile Club de Monaco\",\"description\":\"Un site utilisant WordPress\",\"potentialAction\":[{\"@type\":\"SearchAction\",\"target\":{\"@type\":\"EntryPoint\",\"urlTemplate\":\"https:\\\/\\\/acm.mc\\\/en\\\/?s={search_term_string}\"},\"query-input\":{\"@type\":\"PropertyValueSpecification\",\"valueRequired\":true,\"valueName\":\"search_term_string\"}}],\"inLanguage\":\"en-US\"},{\"@type\":\"Person\",\"@id\":\"https:\\\/\\\/acm.mc\\\/en\\\/#\\\/schema\\\/person\\\/645b5ca6180fe637a21a2f951bb2daf6\",\"name\":\"Maxime Testa\",\"image\":{\"@type\":\"ImageObject\",\"inLanguage\":\"en-US\",\"@id\":\"https:\\\/\\\/secure.gravatar.com\\\/avatar\\\/792324c56e27f7476fd4b5aa7c2aebd1684a6572cd642f01c65952fcbbe4c827?s=96&d=mm&r=g\",\"url\":\"https:\\\/\\\/secure.gravatar.com\\\/avatar\\\/792324c56e27f7476fd4b5aa7c2aebd1684a6572cd642f01c65952fcbbe4c827?s=96&d=mm&r=g\",\"contentUrl\":\"https:\\\/\\\/secure.gravatar.com\\\/avatar\\\/792324c56e27f7476fd4b5aa7c2aebd1684a6572cd642f01c65952fcbbe4c827?s=96&d=mm&r=g\",\"caption\":\"Maxime Testa\"},\"url\":\"https:\\\/\\\/acm.mc\\\/en\\\/author\\\/maximetesta\\\/\"}]}<\/script>\n<!-- \/ Yoast SEO plugin. -->","yoast_head_json":{"title":"SR2: The Belgians continue... - Automobile Club de Monaco","robots":{"index":"index","follow":"follow","max-snippet":"max-snippet:-1","max-image-preview":"max-image-preview:large","max-video-preview":"max-video-preview:-1"},"canonical":"https:\/\/acm.mc\/en\/sr-2-les-belges-continuent\/","og_locale":"en_US","og_type":"article","og_title":"SR2: The Belgians continue... - Automobile Club de Monaco","og_description":"One Belgian team can hide another. After the victory of the Cunin-Peeters duo in SR1, Bernard Heine and Val\u00e9rie Piette, entered by the Belgian VW Club in another ID3, took over in SR2, between La Boll\u00e8ne V\u00e9subie and Peira Cava (18.106 km) via the ever famous Col de Turini. As if this was not enough, [&hellip;]","og_url":"https:\/\/acm.mc\/en\/sr-2-les-belges-continuent\/","og_site_name":"Automobile Club de Monaco","article_publisher":"https:\/\/www.facebook.com\/automobileclubmonacoMC","article_published_time":"2023-10-18T19:01:42+00:00","article_modified_time":"2023-10-19T14:12:38+00:00","og_image":[{"width":1920,"height":1280,"url":"https:\/\/acm.mc\/wp-content\/uploads\/2023\/10\/DSC2141-20-jpg.webp","type":"image\/jpeg"}],"author":"Maxime Testa","twitter_card":"summary_large_image","twitter_creator":"@ACM_Media","twitter_site":"@ACM_Media","twitter_misc":{"Written by":"Maxime Testa","Est. reading time":"1 minute"},"schema":{"@context":"https:\/\/schema.org","@graph":[{"@type":"Article","@id":"https:\/\/acm.mc\/en\/sr-2-les-belges-continuent\/#article","isPartOf":{"@id":"https:\/\/acm.mc\/en\/sr-2-les-belges-continuent\/"},"author":{"name":"Maxime Testa","@id":"https:\/\/acm.mc\/en\/#\/schema\/person\/645b5ca6180fe637a21a2f951bb2daf6"},"headline":"SR2: The Belgians continue&#8230;","datePublished":"2023-10-18T19:01:42+00:00","dateModified":"2023-10-19T14:12:38+00:00","mainEntityOfPage":{"@id":"https:\/\/acm.mc\/en\/sr-2-les-belges-continuent\/"},"wordCount":157,"image":{"@id":"https:\/\/acm.mc\/en\/sr-2-les-belges-continuent\/#primaryimage"},"thumbnailUrl":"https:\/\/acm.mc\/wp-content\/uploads\/2023\/10\/DSC2141-20-jpg.webp","articleSection":["Automobile Club de Monaco","E-Rallye Monte-Carlo","A la une"],"inLanguage":"en-US"},{"@type":"WebPage","@id":"https:\/\/acm.mc\/en\/sr-2-les-belges-continuent\/","url":"https:\/\/acm.mc\/en\/sr-2-les-belges-continuent\/","name":"SR2: The Belgians continue... - Automobile Club de Monaco","isPartOf":{"@id":"https:\/\/acm.mc\/en\/#website"},"primaryImageOfPage":{"@id":"https:\/\/acm.mc\/en\/sr-2-les-belges-continuent\/#primaryimage"},"image":{"@id":"https:\/\/acm.mc\/en\/sr-2-les-belges-continuent\/#primaryimage"},"thumbnailUrl":"https:\/\/acm.mc\/wp-content\/uploads\/2023\/10\/DSC2141-20-jpg.webp","datePublished":"2023-10-18T19:01:42+00:00","dateModified":"2023-10-19T14:12:38+00:00","author":{"@id":"https:\/\/acm.mc\/en\/#\/schema\/person\/645b5ca6180fe637a21a2f951bb2daf6"},"breadcrumb":{"@id":"https:\/\/acm.mc\/en\/sr-2-les-belges-continuent\/#breadcrumb"},"inLanguage":"en-US","potentialAction":[{"@type":"ReadAction","target":["https:\/\/acm.mc\/en\/sr-2-les-belges-continuent\/"]}]},{"@type":"ImageObject","inLanguage":"en-US","@id":"https:\/\/acm.mc\/en\/sr-2-les-belges-continuent\/#primaryimage","url":"https:\/\/acm.mc\/wp-content\/uploads\/2023\/10\/DSC2141-20-jpg.webp","contentUrl":"https:\/\/acm.mc\/wp-content\/uploads\/2023\/10\/DSC2141-20-jpg.webp","width":1920,"height":1280},{"@type":"BreadcrumbList","@id":"https:\/\/acm.mc\/en\/sr-2-les-belges-continuent\/#breadcrumb","itemListElement":[{"@type":"ListItem","position":1,"name":"Home","item":"https:\/\/acm.mc\/en\/"},{"@type":"ListItem","position":2,"name":"SR2: The Belgians continue&#8230;"}]},{"@type":"WebSite","@id":"https:\/\/acm.mc\/en\/#website","url":"https:\/\/acm.mc\/en\/","name":"Automobile Club de Monaco","description":"Un site utilisant WordPress","potentialAction":[{"@type":"SearchAction","target":{"@type":"EntryPoint","urlTemplate":"https:\/\/acm.mc\/en\/?s={search_term_string}"},"query-input":{"@type":"PropertyValueSpecification","valueRequired":true,"valueName":"search_term_string"}}],"inLanguage":"en-US"},{"@type":"Person","@id":"https:\/\/acm.mc\/en\/#\/schema\/person\/645b5ca6180fe637a21a2f951bb2daf6","name":"Maxime Testa","image":{"@type":"ImageObject","inLanguage":"en-US","@id":"https:\/\/secure.gravatar.com\/avatar\/792324c56e27f7476fd4b5aa7c2aebd1684a6572cd642f01c65952fcbbe4c827?s=96&d=mm&r=g","url":"https:\/\/secure.gravatar.com\/avatar\/792324c56e27f7476fd4b5aa7c2aebd1684a6572cd642f01c65952fcbbe4c827?s=96&d=mm&r=g","contentUrl":"https:\/\/secure.gravatar.com\/avatar\/792324c56e27f7476fd4b5aa7c2aebd1684a6572cd642f01c65952fcbbe4c827?s=96&d=mm&r=g","caption":"Maxime Testa"},"url":"https:\/\/acm.mc\/en\/author\/maximetesta\/"}]}},"_links":{"self":[{"href":"https:\/\/acm.mc\/en\/wp-json\/wp\/v2\/posts\/10594490","targetHints":{"allow":["GET"]}}],"collection":[{"href":"https:\/\/acm.mc\/en\/wp-json\/wp\/v2\/posts"}],"about":[{"href":"https:\/\/acm.mc\/en\/wp-json\/wp\/v2\/types\/post"}],"author":[{"embeddable":true,"href":"https:\/\/acm.mc\/en\/wp-json\/wp\/v2\/users\/2"}],"replies":[{"embeddable":true,"href":"https:\/\/acm.mc\/en\/wp-json\/wp\/v2\/comments?post=10594490"}],"version-history":[{"count":0,"href":"https:\/\/acm.mc\/en\/wp-json\/wp\/v2\/posts\/10594490\/revisions"}],"wp:featuredmedia":[{"embeddable":true,"href":"https:\/\/acm.mc\/en\/wp-json\/wp\/v2\/media\/10594507"}],"wp:attachment":[{"href":"https:\/\/acm.mc\/en\/wp-json\/wp\/v2\/media?parent=10594490"}],"wp:term":[{"taxonomy":"category","embeddable":true,"href":"https:\/\/acm.mc\/en\/wp-json\/wp\/v2\/categories?post=10594490"},{"taxonomy":"post_tag","embeddable":true,"href":"https:\/\/acm.mc\/en\/wp-json\/wp\/v2\/tags?post=10594490"}],"curies":[{"name":"wp","href":"https:\/\/api.w.org\/{rel}","templated":true}]}}